{"id":93577,"date":"2026-01-29T10:54:21","date_gmt":"2026-01-29T09:54:21","guid":{"rendered":"https:\/\/bpplock.pl\/?p=93577"},"modified":"2026-04-24T10:56:38","modified_gmt":"2026-04-24T08:56:38","slug":"radom-ursus-plock-wspolna-rana-wspolna-pamiec-inauguracja-projektu-na-50-rocznice-czerwca-76","status":"publish","type":"post","link":"https:\/\/bpplock.pl\/en\/radom-ursus-plock-wspolna-rana-wspolna-pamiec-inauguracja-projektu-na-50-rocznice-czerwca-76\/","title":{"rendered":"\u201eRadom-Ursus-P\u0142ock: wsp\u00f3lna rana, wsp\u00f3lna pami\u0119\u0107: 50. rocznica wydarze\u0144 Czerwca\u201976\u201d \u2013 inauguracja projektu na 50. rocznic\u0119 Czerwca \u201976."},"content":{"rendered":"\n<p>Wsp\u00f3lny projekt \u2013 wsp\u00f3lna pami\u0119\u0107. P\u0142ock w centrum dzia\u0142a\u0144.<\/p>\n\n\n\n<p>Trzy mazowieckie biblioteki pedagogiczne \u0142\u0105cz\u0105 si\u0142y, aby przywr\u00f3ci\u0107 pami\u0119\u0107 o wydarzeniach, kt\u00f3re na zawsze zapisa\u0142y si\u0119 w historii Polski. <a href=\"https:\/\/www.facebook.com\/bibliotekapedagogicznaRADOM?__cft__[0]=AZbF0mi0WLspCyBzInHh0-Y8NRFX7xqsFf6ICFgRT7UULjX12hDkHVA35el_yXHyXpSn4Z9KN0OLHSq-adIPP522vPaGQlxdS1-EswBvbv1y8B-Qp1hWT1DWbPv5z6yhFBj3758Lbbsi-iaQj4QTEk801dUrks-CZM8TcqKxKKjxQmYOVF9KVD3LM2-MUMl11e0&amp;__tn__=-]K-R\" target=\"_blank\" rel=\"noopener\">Biblioteka Pedagogiczna w Radomiu<\/a>, <a href=\"https:\/\/www.facebook.com\/pbwimkenwwarszawie?__cft__[0]=AZbF0mi0WLspCyBzInHh0-Y8NRFX7xqsFf6ICFgRT7UULjX12hDkHVA35el_yXHyXpSn4Z9KN0OLHSq-adIPP522vPaGQlxdS1-EswBvbv1y8B-Qp1hWT1DWbPv5z6yhFBj3758Lbbsi-iaQj4QTEk801dUrks-CZM8TcqKxKKjxQmYOVF9KVD3LM2-MUMl11e0&amp;__tn__=-]K-R\" target=\"_blank\" rel=\"noopener\">Pedagogiczna Biblioteka Wojew\u00f3dzka im. KEN w Warszawie<\/a> oraz Biblioteka Pedagogiczna w P\u0142ocku inauguruj\u0105 edukacyjny projekt historyczny:<\/p>\n\n\n\n<p>\u201eRadom\u2013Ursus\u2013P\u0142ock: wsp\u00f3lna rana, wsp\u00f3lna pami\u0119\u0107. 50. rocznica wydarze\u0144 Czerwca \u201976\u201d <img loading=\"lazy\" decoding=\"async\" height=\"16\" width=\"16\" alt=\"\ud83c\uddf5\ud83c\uddf1\" src=\"https:\/\/static.xx.fbcdn.net\/images\/emoji.php\/v9\/te0\/1\/16\/1f1f5_1f1f1.png\"><\/p>\n\n\n\n<p>To wyj\u0105tkowa inicjatywa, kt\u00f3ra \u0142\u0105czy trzy miasta dotkni\u0119te dramatem robotniczych protest\u00f3w 1976 roku. Szczeg\u00f3lne miejsce w projekcie zajmuje <a href=\"https:\/\/www.facebook.com\/Plock?__cft__[0]=AZbF0mi0WLspCyBzInHh0-Y8NRFX7xqsFf6ICFgRT7UULjX12hDkHVA35el_yXHyXpSn4Z9KN0OLHSq-adIPP522vPaGQlxdS1-EswBvbv1y8B-Qp1hWT1DWbPv5z6yhFBj3758Lbbsi-iaQj4QTEk801dUrks-CZM8TcqKxKKjxQmYOVF9KVD3LM2-MUMl11e0&amp;__tn__=-]K-R\" target=\"_blank\" rel=\"noopener\">P\u0142ock<\/a> \u2013 miasto, kt\u00f3rego do\u015bwiadczenie Czerwca \u201976 wymaga wyra\u017anego podkre\u015blenia, pog\u0142\u0119bionej refleksji oraz okoliczno\u015bciowych dzia\u0142a\u0144 upami\u0119tniaj\u0105cych i edukacyjnych.<\/p>\n\n\n\n<p>Biblioteka Pedagogiczna w P\u0142ocku aktywnie wsp\u00f3\u0142tworzy projekt, realizuj\u0105c zar\u00f3wno dzia\u0142ania wsp\u00f3lne, jak i lokalne inicjatywy, kt\u00f3re wzmacniaj\u0105 pami\u0119\u0107 historyczn\u0105 regionu i buduj\u0105 wsp\u00f3\u0142czesny przekaz oparty na wiedzy, dialogu i odpowiedzialno\u015bci.<\/p>\n\n\n\n<p>Materia\u0142ami historycznymi i merytorycznie wspiera nas <a href=\"https:\/\/www.facebook.com\/archiwumpanstwowewplocku?__cft__[0]=AZbF0mi0WLspCyBzInHh0-Y8NRFX7xqsFf6ICFgRT7UULjX12hDkHVA35el_yXHyXpSn4Z9KN0OLHSq-adIPP522vPaGQlxdS1-EswBvbv1y8B-Qp1hWT1DWbPv5z6yhFBj3758Lbbsi-iaQj4QTEk801dUrks-CZM8TcqKxKKjxQmYOVF9KVD3LM2-MUMl11e0&amp;__tn__=-]K-R\" target=\"_blank\" rel=\"noopener\">Archiwum Pa\u0144stwowe w P\u0142ocku<\/a>.<\/p>\n\n\n\n<p>Zach\u0119camy do \u015bledzenia naszej strony internetowej oraz medi\u00f3w spo\u0142eczno\u015bciowych \u2013 ju\u017c wkr\u00f3tce b\u0119dziemy informowa\u0107 o wydarzeniach, spotkaniach i dzia\u0142aniach realizowanych w ramach projektu.<\/p>\n\n\n\n<p>Ju\u017c teraz zapraszamy do zapoznania si\u0119 z za\u0142o\u017ceniami wsp\u00f3lnych dzia\u0142a\u0144 projektowych.<\/p>\n\n\n\n<figure class=\"wp-block-image\"><img decoding=\"async\" src=\"https:\/\/static.xx.fbcdn.net\/images\/emoji.php\/v9\/t4f\/1\/16\/1f447.png\" alt=\"\ud83d\udc47\" \/><\/figure>\n\n\n\n<p><strong>O projekcie<\/strong><\/p>\n\n\n\n<p>Naszym celem jest upami\u0119tnienie robotniczych protest\u00f3w z 1976 roku oraz dostarczenie nauczycielom i wychowawcom warto\u015bciowych narz\u0119dzi dydaktycznych. Projekt wpisuje si\u0119 w obchody&nbsp;<strong>Roku Robotniczych Protest\u00f3w Czerwca 1976<\/strong>&nbsp;i b\u0119dzie realizowany systematycznie do ko\u0144ca 2026 roku.<\/p>\n\n\n\n<p><strong>Co oferujemy?<\/strong><\/p>\n\n\n\n<p>W ramach projektu przygotowali\u015bmy bogaty pakiet materia\u0142\u00f3w edukacyjnych, kt\u00f3re b\u0119d\u0105 sukcesywnie udost\u0119pniane na naszych stronach internetowych oraz w mediach spo\u0142eczno\u015bciowych:<\/p>\n\n\n\n<ul class=\"wp-block-list\">\n<li><strong>Kalendarium wydarze\u0144 1976 roku:<\/strong>&nbsp;Publikowane co miesi\u0105c, przybli\u017caj\u0105ce chronologi\u0119 i dynamik\u0119 tamtych dni.<\/li>\n\n\n\n<li><strong>Specjalne wydania \u201eTrybuny Ludu\u201d:<\/strong>&nbsp;Dwa numery wsp\u00f3lnie zredagowanej gazety, zawieraj\u0105ce szczeg\u00f3\u0142owe informacje o przebiegu i skutkach protest\u00f3w w Radomiu, Ursusie i P\u0142ocku oraz relacje z dzia\u0142a\u0144 upami\u0119tniaj\u0105cych.<\/li>\n\n\n\n<li><strong>Wystawy (online i stacjonarne):<\/strong>&nbsp;Sk\u0142adaj\u0105ca si\u0119 z 19 kart ekspozycja dokumentuj\u0105ca historyczny zryw robotnik\u00f3w.<\/li>\n\n\n\n<li><strong>Pakiety dydaktyczne:<\/strong>&nbsp;Kompletne materia\u0142y edukacyjne, bibliografia oraz netografia dla nauczycieli.<\/li>\n<\/ul>\n\n\n\n<p>Wszystkie materia\u0142y zostan\u0105 opatrzone&nbsp;<strong>jednolit\u0105, unikaln\u0105 grafik\u0105<\/strong>, co pozwoli na ich \u0142atw\u0105 identyfikacj\u0119 i profesjonaln\u0105 prezentacj\u0119 w plac\u00f3wkach o\u015bwiatowych.<\/p>\n\n\n\n<p><strong>Patroni i Partnerzy<\/strong><\/p>\n\n\n\n<p>Projekt obj\u0119li presti\u017cowym patronatem:<\/p>\n\n\n\n<ul class=\"wp-block-list\">\n<li><strong>Prezes Instytutu Pami\u0119ci Narodowej<\/strong><\/li>\n\n\n\n<li><strong>Marsza\u0142ek Wojew\u00f3dztwa Mazowieckiego Adam Struzik<\/strong><\/li>\n<\/ul>\n\n\n\n<p><strong>Partnerzy projektu:<\/strong><\/p>\n\n\n\n<ul class=\"wp-block-list\">\n<li>Archiwum Pa\u0144stwowe w P\u0142ocku<\/li>\n\n\n\n<li>MSCDN Wydzia\u0142 w Radomiu<\/li>\n\n\n\n<li>Miesi\u0119cznik&nbsp;\u201eMazowsze serce Polski\u201d<\/li>\n<\/ul>\n\n\n\n<p>Zapraszamy do \u015bledzenia naszych kana\u0142\u00f3w informacyjnych i aktywnego korzystania z przygotowanych zasob\u00f3w. Wsp\u00f3lnie zadbajmy o to, by pami\u0119\u0107 o bohaterach Czerwca \u201976 pozosta\u0142a \u017cywa w \u015bwiadomo\u015bci kolejnych pokole\u0144.<\/p>\n\n\n\n<figure class=\"wp-block-image size-full is-resized\"><img loading=\"lazy\" decoding=\"async\" width=\"578\" height=\"825\" src=\"https:\/\/bpplock.pl\/wp-content\/uploads\/sites\/12\/2026\/01\/radom-ursus-plock-2-1024x825-1.png\" alt=\"\" class=\"wp-image-93580\" style=\"width:358px;height:auto\" srcset=\"https:\/\/bpplock.pl\/wp-content\/uploads\/sites\/12\/2026\/01\/radom-ursus-plock-2-1024x825-1.png 578w, https:\/\/bpplock.pl\/wp-content\/uploads\/sites\/12\/2026\/01\/radom-ursus-plock-2-1024x825-1-210x300.png 210w, https:\/\/bpplock.pl\/wp-content\/uploads\/sites\/12\/2026\/01\/radom-ursus-plock-2-1024x825-1-17x24.png 17w, https:\/\/bpplock.pl\/wp-content\/uploads\/sites\/12\/2026\/01\/radom-ursus-plock-2-1024x825-1-25x36.png 25w, https:\/\/bpplock.pl\/wp-content\/uploads\/sites\/12\/2026\/01\/radom-ursus-plock-2-1024x825-1-34x48.png 34w\" sizes=\"auto, (max-width: 578px) 100vw, 578px\" \/><\/figure>\n\n\n\n<p><strong> Materia\u0142y dost\u0119pne po klikni\u0119ciu w baner poni\u017cej:<\/strong><\/p>\n\n\n\n<figure class=\"wp-block-image size-large\"><a href=\"\/radom-ursus-plock\/\"><img loading=\"lazy\" decoding=\"async\" width=\"1024\" height=\"100\" src=\"https:\/\/bpplock.pl\/wp-content\/uploads\/sites\/12\/2026\/01\/czerwiec1976_www4-1024x100.png\" alt=\"\" class=\"wp-image-93904\" srcset=\"https:\/\/bpplock.pl\/wp-content\/uploads\/sites\/12\/2026\/01\/czerwiec1976_www4-1024x100.png 1024w, https:\/\/bpplock.pl\/wp-content\/uploads\/sites\/12\/2026\/01\/czerwiec1976_www4-300x29.png 300w, https:\/\/bpplock.pl\/wp-content\/uploads\/sites\/12\/2026\/01\/czerwiec1976_www4-768x75.png 768w, https:\/\/bpplock.pl\/wp-content\/uploads\/sites\/12\/2026\/01\/czerwiec1976_www4-24x2.png 24w, https:\/\/bpplock.pl\/wp-content\/uploads\/sites\/12\/2026\/01\/czerwiec1976_www4-36x4.png 36w, https:\/\/bpplock.pl\/wp-content\/uploads\/sites\/12\/2026\/01\/czerwiec1976_www4-48x5.png 48w, https:\/\/bpplock.pl\/wp-content\/uploads\/sites\/12\/2026\/01\/czerwiec1976_www4-1320x129.png 1320w, https:\/\/bpplock.pl\/wp-content\/uploads\/sites\/12\/2026\/01\/czerwiec1976_www4.png 1536w\" sizes=\"auto, (max-width: 1024px) 100vw, 1024px\" \/><\/a><\/figure>\n\n\n\n<p><\/p>\n","protected":false},"excerpt":{"rendered":"<p>Wsp\u00f3lny projekt \u2013 wsp\u00f3lna pami\u0119\u0107. P\u0142ock w centrum dzia\u0142a\u0144. Trzy mazowieckie biblioteki pedagogiczne \u0142\u0105cz\u0105 si\u0142y, aby przywr\u00f3ci\u0107 pami\u0119\u0107 o wydarzeniach, [&hellip;]<\/p>\n","protected":false},"author":1483,"featured_media":93598,"comment_status":"closed","ping_status":"closed","sticky":false,"template":"","format":"standard","meta":{"_acf_changed":false,"_oasis_is_in_workflow":0,"_oasis_original":0,"inline_featured_image":false,"site-sidebar-layout":"default","site-content-layout":"","ast-site-content-layout":"default","site-content-style":"default","site-sidebar-style":"default","ast-global-header-display":"","ast-banner-title-visibility":"","ast-main-header-display":"","ast-hfb-above-header-display":"","ast-hfb-below-header-display":"","ast-hfb-mobile-header-display":"","site-post-title":"","ast-breadcrumbs-content":"","ast-featured-img":"","footer-sml-layout":"","ast-disable-related-posts":"","theme-transparent-header-meta":"","adv-header-id-meta":"","stick-header-meta":"","header-above-stick-meta":"","header-main-stick-meta":"","header-below-stick-meta":"","astra-migrate-meta-layouts":"set","ast-page-background-enabled":"default","ast-page-background-meta":{"desktop":{"background-color":"","background-image":"","background-repeat":"repeat","background-position":"center center","background-size":"auto","background-attachment":"scroll","background-type":"","background-media":"","overlay-type":"","overlay-color":"","overlay-opacity":"","overlay-gradient":""},"tablet":{"background-color":"","background-image":"","background-repeat":"repeat","background-position":"center center","background-size":"auto","background-attachment":"scroll","background-type":"","background-media":"","overlay-type":"","overlay-color":"","overlay-opacity":"","overlay-gradient":""},"mobile":{"background-color":"","background-image":"","background-repeat":"repeat","background-position":"center center","background-size":"auto","background-attachment":"scroll","background-type":"","background-media":"","overlay-type":"","overlay-color":"","overlay-opacity":"","overlay-gradient":""}},"ast-content-background-meta":{"desktop":{"background-color":"var(--ast-global-color-5)","background-image":"","background-repeat":"repeat","background-position":"center center","background-size":"auto","background-attachment":"scroll","background-type":"","background-media":"","overlay-type":"","overlay-color":"","overlay-opacity":"","overlay-gradient":""},"tablet":{"background-color":"var(--ast-global-color-5)","background-image":"","background-repeat":"repeat","background-position":"center center","background-size":"auto","background-attachment":"scroll","background-type":"","background-media":"","overlay-type":"","overlay-color":"","overlay-opacity":"","overlay-gradient":""},"mobile":{"background-color":"var(--ast-global-color-5)","background-image":"","background-repeat":"repeat","background-position":"center center","background-size":"auto","background-attachment":"scroll","background-type":"","background-media":"","overlay-type":"","overlay-color":"","overlay-opacity":"","overlay-gradient":""}},"_themeisle_gutenberg_block_has_review":false,"footnotes":""},"categories":[1,181],"tags":[],"class_list":["post-93577","post","type-post","status-publish","format-standard","has-post-thumbnail","hentry","category-aktualnosci","category-czerwiec-76-radom-ursus-plock"],"acf":[],"featured_image_urls_v2":{"full":["https:\/\/bpplock.pl\/wp-content\/uploads\/sites\/12\/2026\/01\/radom-ursus-plock-2.webp",1152,928,false],"thumbnail":["https:\/\/bpplock.pl\/wp-content\/uploads\/sites\/12\/2026\/01\/radom-ursus-plock-2-150x150.webp",150,150,true],"medium":["https:\/\/bpplock.pl\/wp-content\/uploads\/sites\/12\/2026\/01\/radom-ursus-plock-2-300x242.webp",300,242,true],"medium_large":["https:\/\/bpplock.pl\/wp-content\/uploads\/sites\/12\/2026\/01\/radom-ursus-plock-2-768x619.webp",768,619,true],"large":["https:\/\/bpplock.pl\/wp-content\/uploads\/sites\/12\/2026\/01\/radom-ursus-plock-2-1024x825.webp",1024,825,true],"1536x1536":["https:\/\/bpplock.pl\/wp-content\/uploads\/sites\/12\/2026\/01\/radom-ursus-plock-2.webp",1152,928,false],"2048x2048":["https:\/\/bpplock.pl\/wp-content\/uploads\/sites\/12\/2026\/01\/radom-ursus-plock-2.webp",1152,928,false],"img-1100-450":["https:\/\/bpplock.pl\/wp-content\/uploads\/sites\/12\/2026\/01\/radom-ursus-plock-2-1100x450.webp",1100,450,true],"img-1120-800":["https:\/\/bpplock.pl\/wp-content\/uploads\/sites\/12\/2026\/01\/radom-ursus-plock-2-1120x800.webp",1120,800,true],"img-870-440":["https:\/\/bpplock.pl\/wp-content\/uploads\/sites\/12\/2026\/01\/radom-ursus-plock-2-870x440.webp",870,440,true],"img-850-600":["https:\/\/bpplock.pl\/wp-content\/uploads\/sites\/12\/2026\/01\/radom-ursus-plock-2-850x600.webp",850,600,true],"img-480-380":["https:\/\/bpplock.pl\/wp-content\/uploads\/sites\/12\/2026\/01\/radom-ursus-plock-2-480x380.webp",480,380,true],"img-300-225":["https:\/\/bpplock.pl\/wp-content\/uploads\/sites\/12\/2026\/01\/radom-ursus-plock-2-300x225.webp",300,225,true],"img-540-700":["https:\/\/bpplock.pl\/wp-content\/uploads\/sites\/12\/2026\/01\/radom-ursus-plock-2-540x700.webp",540,700,true],"img-75-75":["https:\/\/bpplock.pl\/wp-content\/uploads\/sites\/12\/2026\/01\/radom-ursus-plock-2-75x75.webp",75,75,true],"menu-24x24":["https:\/\/bpplock.pl\/wp-content\/uploads\/sites\/12\/2026\/01\/radom-ursus-plock-2-24x19.webp",24,19,true],"menu-36x36":["https:\/\/bpplock.pl\/wp-content\/uploads\/sites\/12\/2026\/01\/radom-ursus-plock-2-36x29.webp",36,29,true],"menu-48x48":["https:\/\/bpplock.pl\/wp-content\/uploads\/sites\/12\/2026\/01\/radom-ursus-plock-2-48x39.webp",48,39,true],"mailpoet_newsletter_max":["https:\/\/bpplock.pl\/wp-content\/uploads\/sites\/12\/2026\/01\/radom-ursus-plock-2.webp",1152,928,false]},"post_excerpt_stackable_v2":"<p>Wsp\u00f3lny projekt \u2013 wsp\u00f3lna pami\u0119\u0107. P\u0142ock w centrum dzia\u0142a\u0144. Trzy mazowieckie biblioteki pedagogiczne \u0142\u0105cz\u0105 si\u0142y, aby przywr\u00f3ci\u0107 pami\u0119\u0107 o wydarzeniach, kt\u00f3re na zawsze zapisa\u0142y si\u0119 w historii Polski. Biblioteka Pedagogiczna w Radomiu, Pedagogiczna Biblioteka Wojew\u00f3dzka im. KEN w Warszawie oraz Biblioteka Pedagogiczna w P\u0142ocku inauguruj\u0105 edukacyjny projekt historyczny: \u201eRadom\u2013Ursus\u2013P\u0142ock: wsp\u00f3lna rana, wsp\u00f3lna pami\u0119\u0107. 50. rocznica wydarze\u0144 Czerwca \u201976\u201d To wyj\u0105tkowa inicjatywa, kt\u00f3ra \u0142\u0105czy trzy miasta dotkni\u0119te dramatem robotniczych protest\u00f3w 1976 roku. Szczeg\u00f3lne miejsce w projekcie zajmuje P\u0142ock \u2013 miasto, kt\u00f3rego do\u015bwiadczenie Czerwca \u201976 wymaga wyra\u017anego podkre\u015blenia, pog\u0142\u0119bionej refleksji oraz okoliczno\u015bciowych dzia\u0142a\u0144 upami\u0119tniaj\u0105cych i edukacyjnych. Biblioteka Pedagogiczna w P\u0142ocku aktywnie wsp\u00f3\u0142tworzy&hellip;<\/p>\n","category_list_v2":"<a href=\"https:\/\/bpplock.pl\/category\/aktualnosci\/\" rel=\"category tag\">Aktualno\u015bci<\/a>, <a href=\"https:\/\/bpplock.pl\/category\/czerwiec-76-radom-ursus-plock\/\" rel=\"category tag\">Czerwiec 76 Radom-Ursus-P\u0142ock<\/a>","author_info_v2":{"name":"tatianaj","url":"https:\/\/bpplock.pl\/en\/author\/tatianaj\/"},"comments_num_v2":"0 comments","_links":{"self":[{"href":"https:\/\/bpplock.pl\/en\/wp-json\/wp\/v2\/posts\/93577","targetHints":{"allow":["GET"]}}],"collection":[{"href":"https:\/\/bpplock.pl\/en\/wp-json\/wp\/v2\/posts"}],"about":[{"href":"https:\/\/bpplock.pl\/en\/wp-json\/wp\/v2\/types\/post"}],"author":[{"embeddable":true,"href":"https:\/\/bpplock.pl\/en\/wp-json\/wp\/v2\/users\/1483"}],"replies":[{"embeddable":true,"href":"https:\/\/bpplock.pl\/en\/wp-json\/wp\/v2\/comments?post=93577"}],"version-history":[{"count":40,"href":"https:\/\/bpplock.pl\/en\/wp-json\/wp\/v2\/posts\/93577\/revisions"}],"predecessor-version":[{"id":102128,"href":"https:\/\/bpplock.pl\/en\/wp-json\/wp\/v2\/posts\/93577\/revisions\/102128"}],"wp:featuredmedia":[{"embeddable":true,"href":"https:\/\/bpplock.pl\/en\/wp-json\/wp\/v2\/media\/93598"}],"wp:attachment":[{"href":"https:\/\/bpplock.pl\/en\/wp-json\/wp\/v2\/media?parent=93577"}],"wp:term":[{"taxonomy":"category","embeddable":true,"href":"https:\/\/bpplock.pl\/en\/wp-json\/wp\/v2\/categories?post=93577"},{"taxonomy":"post_tag","embeddable":true,"href":"https:\/\/bpplock.pl\/en\/wp-json\/wp\/v2\/tags?post=93577"}],"curies":[{"name":"wp","href":"https:\/\/api.w.org\/{rel}","templated":true}]}}